{"id":276,"date":"2019-07-01T18:03:07","date_gmt":"2019-07-01T16:03:07","guid":{"rendered":"http:\/\/architettura.ruggeropierdomenico.it\/?p=276"},"modified":"2019-07-01T18:03:14","modified_gmt":"2019-07-01T16:03:14","slug":"fotovoltaico","status":"publish","type":"post","link":"https:\/\/architettura.ruggeropierdomenico.it\/?p=276","title":{"rendered":"fotovoltaico"},"content":{"rendered":"\n<figure class=\"wp-block-image\"><img data-recalc-dims=\"1\" loading=\"lazy\" decoding=\"async\" width=\"950\" height=\"534\" data-attachment-id=\"43\" data-permalink=\"https:\/\/architettura.ruggeropierdomenico.it\/?attachment_id=43\" data-orig-file=\"https:\/\/i0.wp.com\/architettura.ruggeropierdomenico.it\/wp-content\/uploads\/2019\/05\/struttura-fotovoltaico-ruggero-pierdomenico-ruggeropierdomenico-it-12.jpg?fit=950%2C534&amp;ssl=1\" data-orig-size=\"950,534\" data-comments-opened=\"1\" data-image-meta=\"{&quot;aperture&quot;:&quot;0&quot;,&quot;credit&quot;:&quot;&quot;,&quot;camera&quot;:&quot;&quot;,&quot;caption&quot;:&quot;Struttura per fotovoltaico , Ruggero Pierdomenico  ( ruggeropierdomenico.it )&quot;,&quot;created_timestamp&quot;:&quot;0&quot;,&quot;copyright&quot;:&quot;&quot;,&quot;focal_length&quot;:&quot;0&quot;,&quot;iso&quot;:&quot;0&quot;,&quot;shutter_speed&quot;:&quot;0&quot;,&quot;title&quot;:&quot;struttura fotovoltaico Ruggero Pierdomenico&quot;,&quot;orientation&quot;:&quot;0&quot;}\" data-image-title=\"struttura fotovoltaico Ruggero Pierdomenico\" data-image-description=\"\" data-image-caption=\"&lt;p&gt;Struttura per fotovoltaico , Ruggero Pierdomenico  ( ruggeropierdomenico.it )&lt;\/p&gt;\n\" data-large-file=\"https:\/\/i0.wp.com\/architettura.ruggeropierdomenico.it\/wp-content\/uploads\/2019\/05\/struttura-fotovoltaico-ruggero-pierdomenico-ruggeropierdomenico-it-12.jpg?fit=950%2C534&amp;ssl=1\" src=\"https:\/\/i0.wp.com\/architettura.ruggeropierdomenico.it\/wp-content\/uploads\/2019\/05\/struttura-fotovoltaico-ruggero-pierdomenico-ruggeropierdomenico-it-12.jpg?resize=950%2C534\" alt=\"\" class=\"wp-image-43\" srcset=\"https:\/\/i0.wp.com\/architettura.ruggeropierdomenico.it\/wp-content\/uploads\/2019\/05\/struttura-fotovoltaico-ruggero-pierdomenico-ruggeropierdomenico-it-12.jpg?w=950&amp;ssl=1 950w, https:\/\/i0.wp.com\/architettura.ruggeropierdomenico.it\/wp-content\/uploads\/2019\/05\/struttura-fotovoltaico-ruggero-pierdomenico-ruggeropierdomenico-it-12.jpg?resize=300%2C169&amp;ssl=1 300w, https:\/\/i0.wp.com\/architettura.ruggeropierdomenico.it\/wp-content\/uploads\/2019\/05\/struttura-fotovoltaico-ruggero-pierdomenico-ruggeropierdomenico-it-12.jpg?resize=768%2C432&amp;ssl=1 768w\" sizes=\"auto, (max-width: 950px) 100vw, 950px\" \/><figcaption>Struttura per fotovoltaico , Ruggero Pierdomenico  ( ruggeropierdomenico.it )<br><\/figcaption><\/figure>\n\n\n\n<figure class=\"wp-block-image\"><img data-recalc-dims=\"1\" loading=\"lazy\" decoding=\"async\" width=\"960\" height=\"720\" data-attachment-id=\"189\" data-permalink=\"https:\/\/architettura.ruggeropierdomenico.it\/?attachment_id=189\" data-orig-file=\"https:\/\/i0.wp.com\/architettura.ruggeropierdomenico.it\/wp-content\/uploads\/2019\/06\/studi-prelim-ruggero-pierdomenico.png?fit=960%2C720&amp;ssl=1\" data-orig-size=\"960,720\" data-comments-opened=\"1\" data-image-meta=\"{&quot;aperture&quot;:&quot;0&quot;,&quot;credit&quot;:&quot;&quot;,&quot;camera&quot;:&quot;&quot;,&quot;caption&quot;:&quot;&quot;,&quot;created_timestamp&quot;:&quot;0&quot;,&quot;copyright&quot;:&quot;&quot;,&quot;focal_length&quot;:&quot;0&quot;,&quot;iso&quot;:&quot;0&quot;,&quot;shutter_speed&quot;:&quot;0&quot;,&quot;title&quot;:&quot;&quot;,&quot;orientation&quot;:&quot;0&quot;}\" data-image-title=\"studi-prelim-ruggero-pierdomenico\" data-image-description=\"\" data-image-caption=\"\" data-large-file=\"https:\/\/i0.wp.com\/architettura.ruggeropierdomenico.it\/wp-content\/uploads\/2019\/06\/studi-prelim-ruggero-pierdomenico.png?fit=960%2C720&amp;ssl=1\" src=\"https:\/\/i0.wp.com\/architettura.ruggeropierdomenico.it\/wp-content\/uploads\/2019\/06\/studi-prelim-ruggero-pierdomenico.png?resize=960%2C720\" alt=\"\" class=\"wp-image-189\" srcset=\"https:\/\/i0.wp.com\/architettura.ruggeropierdomenico.it\/wp-content\/uploads\/2019\/06\/studi-prelim-ruggero-pierdomenico.png?w=960&amp;ssl=1 960w, https:\/\/i0.wp.com\/architettura.ruggeropierdomenico.it\/wp-content\/uploads\/2019\/06\/studi-prelim-ruggero-pierdomenico.png?resize=300%2C225&amp;ssl=1 300w, https:\/\/i0.wp.com\/architettura.ruggeropierdomenico.it\/wp-content\/uploads\/2019\/06\/studi-prelim-ruggero-pierdomenico.png?resize=768%2C576&amp;ssl=1 768w\" sizes=\"auto, (max-width: 960px) 100vw, 960px\" \/><\/figure>\n\n\n\n<figure class=\"wp-block-image\"><img data-recalc-dims=\"1\" loading=\"lazy\" decoding=\"async\" width=\"822\" height=\"616\" data-attachment-id=\"193\" data-permalink=\"https:\/\/architettura.ruggeropierdomenico.it\/?attachment_id=193\" data-orig-file=\"https:\/\/i0.wp.com\/architettura.ruggeropierdomenico.it\/wp-content\/uploads\/2019\/06\/studi-preliminari-2-ruggero-pierdomenico.png?fit=822%2C616&amp;ssl=1\" data-orig-size=\"822,616\" data-comments-opened=\"1\" data-image-meta=\"{&quot;aperture&quot;:&quot;0&quot;,&quot;credit&quot;:&quot;&quot;,&quot;camera&quot;:&quot;&quot;,&quot;caption&quot;:&quot;&quot;,&quot;created_timestamp&quot;:&quot;0&quot;,&quot;copyright&quot;:&quot;&quot;,&quot;focal_length&quot;:&quot;0&quot;,&quot;iso&quot;:&quot;0&quot;,&quot;shutter_speed&quot;:&quot;0&quot;,&quot;title&quot;:&quot;&quot;,&quot;orientation&quot;:&quot;0&quot;}\" data-image-title=\"studi-preliminari-2-ruggero-pierdomenico\" data-image-description=\"\" data-image-caption=\"\" data-large-file=\"https:\/\/i0.wp.com\/architettura.ruggeropierdomenico.it\/wp-content\/uploads\/2019\/06\/studi-preliminari-2-ruggero-pierdomenico.png?fit=822%2C616&amp;ssl=1\" src=\"https:\/\/i0.wp.com\/architettura.ruggeropierdomenico.it\/wp-content\/uploads\/2019\/06\/studi-preliminari-2-ruggero-pierdomenico.png?resize=822%2C616\" alt=\"\" class=\"wp-image-193\" srcset=\"https:\/\/i0.wp.com\/architettura.ruggeropierdomenico.it\/wp-content\/uploads\/2019\/06\/studi-preliminari-2-ruggero-pierdomenico.png?w=822&amp;ssl=1 822w, https:\/\/i0.wp.com\/architettura.ruggeropierdomenico.it\/wp-content\/uploads\/2019\/06\/studi-preliminari-2-ruggero-pierdomenico.png?resize=300%2C225&amp;ssl=1 300w, https:\/\/i0.wp.com\/architettura.ruggeropierdomenico.it\/wp-content\/uploads\/2019\/06\/studi-preliminari-2-ruggero-pierdomenico.png?resize=768%2C576&amp;ssl=1 768w\" sizes=\"auto, (max-width: 822px) 100vw, 822px\" \/><\/figure>\n\n\n\n<figure class=\"wp-block-image\"><img data-recalc-dims=\"1\" loading=\"lazy\" decoding=\"async\" width=\"1024\" height=\"638\" data-attachment-id=\"191\" data-permalink=\"https:\/\/architettura.ruggeropierdomenico.it\/?attachment_id=191\" data-orig-file=\"https:\/\/i0.wp.com\/architettura.ruggeropierdomenico.it\/wp-content\/uploads\/2019\/06\/tilt-inverno-ruggero-pierdomenico.png?fit=1644%2C1024&amp;ssl=1\" data-orig-size=\"1644,1024\" data-comments-opened=\"1\" data-image-meta=\"{&quot;aperture&quot;:&quot;0&quot;,&quot;credit&quot;:&quot;&quot;,&quot;camera&quot;:&quot;&quot;,&quot;caption&quot;:&quot;&quot;,&quot;created_timestamp&quot;:&quot;0&quot;,&quot;copyright&quot;:&quot;&quot;,&quot;focal_length&quot;:&quot;0&quot;,&quot;iso&quot;:&quot;0&quot;,&quot;shutter_speed&quot;:&quot;0&quot;,&quot;title&quot;:&quot;&quot;,&quot;orientation&quot;:&quot;0&quot;}\" data-image-title=\"tilt-inverno-ruggero-pierdomenico\" data-image-description=\"\" data-image-caption=\"\" data-large-file=\"https:\/\/i0.wp.com\/architettura.ruggeropierdomenico.it\/wp-content\/uploads\/2019\/06\/tilt-inverno-ruggero-pierdomenico.png?fit=1024%2C638&amp;ssl=1\" src=\"https:\/\/i0.wp.com\/architettura.ruggeropierdomenico.it\/wp-content\/uploads\/2019\/06\/tilt-inverno-ruggero-pierdomenico.png?resize=1024%2C638\" alt=\"\" class=\"wp-image-191\" srcset=\"https:\/\/i0.wp.com\/architettura.ruggeropierdomenico.it\/wp-content\/uploads\/2019\/06\/tilt-inverno-ruggero-pierdomenico.png?resize=1024%2C638&amp;ssl=1 1024w, https:\/\/i0.wp.com\/architettura.ruggeropierdomenico.it\/wp-content\/uploads\/2019\/06\/tilt-inverno-ruggero-pierdomenico.png?resize=300%2C187&amp;ssl=1 300w, https:\/\/i0.wp.com\/architettura.ruggeropierdomenico.it\/wp-content\/uploads\/2019\/06\/tilt-inverno-ruggero-pierdomenico.png?resize=768%2C478&amp;ssl=1 768w, https:\/\/i0.wp.com\/architettura.ruggeropierdomenico.it\/wp-content\/uploads\/2019\/06\/tilt-inverno-ruggero-pierdomenico.png?w=1644&amp;ssl=1 1644w\" sizes=\"auto, (max-width: 1024px) 100vw, 1024px\" \/><\/figure>\n\n\n\n<figure class=\"wp-block-image\"><img data-recalc-dims=\"1\" loading=\"lazy\" decoding=\"async\" width=\"852\" height=\"852\" data-attachment-id=\"188\" data-permalink=\"https:\/\/architettura.ruggeropierdomenico.it\/?attachment_id=188\" data-orig-file=\"https:\/\/i0.wp.com\/architettura.ruggeropierdomenico.it\/wp-content\/uploads\/2019\/06\/pianta-piazzola-ruggero-pierdomenico-1.png?fit=852%2C852&amp;ssl=1\" data-orig-size=\"852,852\" data-comments-opened=\"1\" data-image-meta=\"{&quot;aperture&quot;:&quot;0&quot;,&quot;credit&quot;:&quot;&quot;,&quot;camera&quot;:&quot;&quot;,&quot;caption&quot;:&quot;&quot;,&quot;created_timestamp&quot;:&quot;0&quot;,&quot;copyright&quot;:&quot;&quot;,&quot;focal_length&quot;:&quot;0&quot;,&quot;iso&quot;:&quot;0&quot;,&quot;shutter_speed&quot;:&quot;0&quot;,&quot;title&quot;:&quot;&quot;,&quot;orientation&quot;:&quot;0&quot;}\" data-image-title=\"pianta-piazzola-ruggero-pierdomenico-1\" data-image-description=\"\" data-image-caption=\"\" data-large-file=\"https:\/\/i0.wp.com\/architettura.ruggeropierdomenico.it\/wp-content\/uploads\/2019\/06\/pianta-piazzola-ruggero-pierdomenico-1.png?fit=852%2C852&amp;ssl=1\" src=\"https:\/\/i0.wp.com\/architettura.ruggeropierdomenico.it\/wp-content\/uploads\/2019\/06\/pianta-piazzola-ruggero-pierdomenico-1.png?resize=852%2C852\" alt=\"\" class=\"wp-image-188\" srcset=\"https:\/\/i0.wp.com\/architettura.ruggeropierdomenico.it\/wp-content\/uploads\/2019\/06\/pianta-piazzola-ruggero-pierdomenico-1.png?w=852&amp;ssl=1 852w, https:\/\/i0.wp.com\/architettura.ruggeropierdomenico.it\/wp-content\/uploads\/2019\/06\/pianta-piazzola-ruggero-pierdomenico-1.png?resize=150%2C150&amp;ssl=1 150w, https:\/\/i0.wp.com\/architettura.ruggeropierdomenico.it\/wp-content\/uploads\/2019\/06\/pianta-piazzola-ruggero-pierdomenico-1.png?resize=300%2C300&amp;ssl=1 300w, https:\/\/i0.wp.com\/architettura.ruggeropierdomenico.it\/wp-content\/uploads\/2019\/06\/pianta-piazzola-ruggero-pierdomenico-1.png?resize=768%2C768&amp;ssl=1 768w\" sizes=\"auto, (max-width: 852px) 100vw, 852px\" \/><\/figure>\n\n\n\n<figure class=\"wp-block-image\"><img data-recalc-dims=\"1\" loading=\"lazy\" decoding=\"async\" width=\"1024\" height=\"1024\" data-attachment-id=\"187\" data-permalink=\"https:\/\/architettura.ruggeropierdomenico.it\/?attachment_id=187\" data-orig-file=\"https:\/\/i0.wp.com\/architettura.ruggeropierdomenico.it\/wp-content\/uploads\/2019\/06\/fotovoltaico-prospetto-ruggero-pierdomenico.png?fit=1024%2C1024&amp;ssl=1\" data-orig-size=\"1024,1024\" data-comments-opened=\"1\" data-image-meta=\"{&quot;aperture&quot;:&quot;0&quot;,&quot;credit&quot;:&quot;&quot;,&quot;camera&quot;:&quot;&quot;,&quot;caption&quot;:&quot;&quot;,&quot;created_timestamp&quot;:&quot;0&quot;,&quot;copyright&quot;:&quot;&quot;,&quot;focal_length&quot;:&quot;0&quot;,&quot;iso&quot;:&quot;0&quot;,&quot;shutter_speed&quot;:&quot;0&quot;,&quot;title&quot;:&quot;&quot;,&quot;orientation&quot;:&quot;0&quot;}\" data-image-title=\"fotovoltaico-prospetto-ruggero-pierdomenico\" data-image-description=\"\" data-image-caption=\"\" data-large-file=\"https:\/\/i0.wp.com\/architettura.ruggeropierdomenico.it\/wp-content\/uploads\/2019\/06\/fotovoltaico-prospetto-ruggero-pierdomenico.png?fit=1024%2C1024&amp;ssl=1\" src=\"https:\/\/i0.wp.com\/architettura.ruggeropierdomenico.it\/wp-content\/uploads\/2019\/06\/fotovoltaico-prospetto-ruggero-pierdomenico.png?resize=1024%2C1024\" alt=\"\" class=\"wp-image-187\" srcset=\"https:\/\/i0.wp.com\/architettura.ruggeropierdomenico.it\/wp-content\/uploads\/2019\/06\/fotovoltaico-prospetto-ruggero-pierdomenico.png?w=1024&amp;ssl=1 1024w, https:\/\/i0.wp.com\/architettura.ruggeropierdomenico.it\/wp-content\/uploads\/2019\/06\/fotovoltaico-prospetto-ruggero-pierdomenico.png?resize=150%2C150&amp;ssl=1 150w, https:\/\/i0.wp.com\/architettura.ruggeropierdomenico.it\/wp-content\/uploads\/2019\/06\/fotovoltaico-prospetto-ruggero-pierdomenico.png?resize=300%2C300&amp;ssl=1 300w, https:\/\/i0.wp.com\/architettura.ruggeropierdomenico.it\/wp-content\/uploads\/2019\/06\/fotovoltaico-prospetto-ruggero-pierdomenico.png?resize=768%2C768&amp;ssl=1 768w\" sizes=\"auto, (max-width: 1024px) 100vw, 1024px\" \/><\/figure>\n\n\n\n<figure class=\"wp-block-image\"><img data-recalc-dims=\"1\" loading=\"lazy\" decoding=\"async\" width=\"1024\" height=\"1024\" data-attachment-id=\"186\" data-permalink=\"https:\/\/architettura.ruggeropierdomenico.it\/?attachment_id=186\" data-orig-file=\"https:\/\/i0.wp.com\/architettura.ruggeropierdomenico.it\/wp-content\/uploads\/2019\/06\/fotovoltaico-disposizione-moduli-ruggero-pierdomenico.png?fit=1024%2C1024&amp;ssl=1\" data-orig-size=\"1024,1024\" data-comments-opened=\"1\" data-image-meta=\"{&quot;aperture&quot;:&quot;0&quot;,&quot;credit&quot;:&quot;&quot;,&quot;camera&quot;:&quot;&quot;,&quot;caption&quot;:&quot;&quot;,&quot;created_timestamp&quot;:&quot;0&quot;,&quot;copyright&quot;:&quot;&quot;,&quot;focal_length&quot;:&quot;0&quot;,&quot;iso&quot;:&quot;0&quot;,&quot;shutter_speed&quot;:&quot;0&quot;,&quot;title&quot;:&quot;&quot;,&quot;orientation&quot;:&quot;0&quot;}\" data-image-title=\"fotovoltaico-disposizione-moduli-ruggero-pierdomenico\" data-image-description=\"\" data-image-caption=\"\" data-large-file=\"https:\/\/i0.wp.com\/architettura.ruggeropierdomenico.it\/wp-content\/uploads\/2019\/06\/fotovoltaico-disposizione-moduli-ruggero-pierdomenico.png?fit=1024%2C1024&amp;ssl=1\" src=\"https:\/\/i0.wp.com\/architettura.ruggeropierdomenico.it\/wp-content\/uploads\/2019\/06\/fotovoltaico-disposizione-moduli-ruggero-pierdomenico.png?resize=1024%2C1024\" alt=\"\" class=\"wp-image-186\" srcset=\"https:\/\/i0.wp.com\/architettura.ruggeropierdomenico.it\/wp-content\/uploads\/2019\/06\/fotovoltaico-disposizione-moduli-ruggero-pierdomenico.png?w=1024&amp;ssl=1 1024w, https:\/\/i0.wp.com\/architettura.ruggeropierdomenico.it\/wp-content\/uploads\/2019\/06\/fotovoltaico-disposizione-moduli-ruggero-pierdomenico.png?resize=150%2C150&amp;ssl=1 150w, https:\/\/i0.wp.com\/architettura.ruggeropierdomenico.it\/wp-content\/uploads\/2019\/06\/fotovoltaico-disposizione-moduli-ruggero-pierdomenico.png?resize=300%2C300&amp;ssl=1 300w, https:\/\/i0.wp.com\/architettura.ruggeropierdomenico.it\/wp-content\/uploads\/2019\/06\/fotovoltaico-disposizione-moduli-ruggero-pierdomenico.png?resize=768%2C768&amp;ssl=1 768w\" sizes=\"auto, (max-width: 1024px) 100vw, 1024px\" \/><\/figure>\n\n\n\n<figure class=\"wp-block-image\"><img data-recalc-dims=\"1\" loading=\"lazy\" decoding=\"async\" width=\"1024\" height=\"919\" data-attachment-id=\"198\" data-permalink=\"https:\/\/architettura.ruggeropierdomenico.it\/?attachment_id=198\" data-orig-file=\"https:\/\/i0.wp.com\/architettura.ruggeropierdomenico.it\/wp-content\/uploads\/2019\/06\/vista-con-il-gran-sasso-ruggero-pierdomenico-.jpg?fit=2061%2C1849&amp;ssl=1\" data-orig-size=\"2061,1849\" data-comments-opened=\"1\" data-image-meta=\"{&quot;aperture&quot;:&quot;0&quot;,&quot;credit&quot;:&quot;&quot;,&quot;camera&quot;:&quot;&quot;,&quot;caption&quot;:&quot;&quot;,&quot;created_timestamp&quot;:&quot;1546781681&quot;,&quot;copyright&quot;:&quot;&quot;,&quot;focal_length&quot;:&quot;0&quot;,&quot;iso&quot;:&quot;0&quot;,&quot;shutter_speed&quot;:&quot;0&quot;,&quot;title&quot;:&quot;&quot;,&quot;orientation&quot;:&quot;0&quot;}\" data-image-title=\"vista-con-il-gran-sasso-ruggero-pierdomenico-\" data-image-description=\"\" data-image-caption=\"\" data-large-file=\"https:\/\/i0.wp.com\/architettura.ruggeropierdomenico.it\/wp-content\/uploads\/2019\/06\/vista-con-il-gran-sasso-ruggero-pierdomenico-.jpg?fit=1024%2C919&amp;ssl=1\" src=\"https:\/\/i0.wp.com\/architettura.ruggeropierdomenico.it\/wp-content\/uploads\/2019\/06\/vista-con-il-gran-sasso-ruggero-pierdomenico-.jpg?resize=1024%2C919\" alt=\"\" class=\"wp-image-198\" srcset=\"https:\/\/i0.wp.com\/architettura.ruggeropierdomenico.it\/wp-content\/uploads\/2019\/06\/vista-con-il-gran-sasso-ruggero-pierdomenico-.jpg?resize=1024%2C919&amp;ssl=1 1024w, https:\/\/i0.wp.com\/architettura.ruggeropierdomenico.it\/wp-content\/uploads\/2019\/06\/vista-con-il-gran-sasso-ruggero-pierdomenico-.jpg?resize=300%2C269&amp;ssl=1 300w, https:\/\/i0.wp.com\/architettura.ruggeropierdomenico.it\/wp-content\/uploads\/2019\/06\/vista-con-il-gran-sasso-ruggero-pierdomenico-.jpg?resize=768%2C689&amp;ssl=1 768w, https:\/\/i0.wp.com\/architettura.ruggeropierdomenico.it\/wp-content\/uploads\/2019\/06\/vista-con-il-gran-sasso-ruggero-pierdomenico-.jpg?resize=1204%2C1080&amp;ssl=1 1204w\" sizes=\"auto, (max-width: 1024px) 100vw, 1024px\" \/><\/figure>\n\n\n\n<figure class=\"wp-block-image\"><img data-recalc-dims=\"1\" loading=\"lazy\" decoding=\"async\" width=\"1024\" height=\"576\" data-attachment-id=\"45\" data-permalink=\"https:\/\/architettura.ruggeropierdomenico.it\/?attachment_id=45\" data-orig-file=\"https:\/\/i0.wp.com\/architettura.ruggeropierdomenico.it\/wp-content\/uploads\/2019\/05\/casotto-e-fotovoltaico-Ruggero-Pierdomenico-.jpg?fit=1625%2C914&amp;ssl=1\" data-orig-size=\"1625,914\" data-comments-opened=\"1\" data-image-meta=\"{&quot;aperture&quot;:&quot;0&quot;,&quot;credit&quot;:&quot;&quot;,&quot;camera&quot;:&quot;&quot;,&quot;caption&quot;:&quot;&quot;,&quot;created_timestamp&quot;:&quot;1540489333&quot;,&quot;copyright&quot;:&quot;&quot;,&quot;focal_length&quot;:&quot;0&quot;,&quot;iso&quot;:&quot;0&quot;,&quot;shutter_speed&quot;:&quot;0&quot;,&quot;title&quot;:&quot;&quot;,&quot;orientation&quot;:&quot;0&quot;}\" data-image-title=\"casotto e fotovoltaico ( Ruggero Pierdomenico )\" data-image-description=\"\" data-image-caption=\"\" data-large-file=\"https:\/\/i0.wp.com\/architettura.ruggeropierdomenico.it\/wp-content\/uploads\/2019\/05\/casotto-e-fotovoltaico-Ruggero-Pierdomenico-.jpg?fit=1024%2C576&amp;ssl=1\" src=\"https:\/\/i0.wp.com\/architettura.ruggeropierdomenico.it\/wp-content\/uploads\/2019\/05\/casotto-e-fotovoltaico-Ruggero-Pierdomenico-.jpg?resize=1024%2C576\" alt=\"\" class=\"wp-image-45\" srcset=\"https:\/\/i0.wp.com\/architettura.ruggeropierdomenico.it\/wp-content\/uploads\/2019\/05\/casotto-e-fotovoltaico-Ruggero-Pierdomenico-.jpg?resize=1024%2C576&amp;ssl=1 1024w, https:\/\/i0.wp.com\/architettura.ruggeropierdomenico.it\/wp-content\/uploads\/2019\/05\/casotto-e-fotovoltaico-Ruggero-Pierdomenico-.jpg?resize=300%2C169&amp;ssl=1 300w, https:\/\/i0.wp.com\/architettura.ruggeropierdomenico.it\/wp-content\/uploads\/2019\/05\/casotto-e-fotovoltaico-Ruggero-Pierdomenico-.jpg?resize=768%2C432&amp;ssl=1 768w, https:\/\/i0.wp.com\/architettura.ruggeropierdomenico.it\/wp-content\/uploads\/2019\/05\/casotto-e-fotovoltaico-Ruggero-Pierdomenico-.jpg?w=1625&amp;ssl=1 1625w\" sizes=\"auto, (max-width: 1024px) 100vw, 1024px\" \/><\/figure>\n\n\n\n<h5 class=\"wp-block-heading\" style=\"text-align:left\">L\u2019impianto fotovoltaico , dalla particolare attenzione ad un inserimento armonico in un\u2019area adiacente l\u2019abitazione ( cortile \/giardino ) , \u00e8 con orientamento sud 0\u00b0 ed ottimizzazione inclinazione ( inverno , primavera , estate , autunno ) per garantire un buon rendimento . Il telaio metallico , per il posizionamento dei moduli fotovoltaici , \u00e8 di lieve entit\u00e1 statica , \u00e8 poggiato su una piazzola , tramite cerniere che ne permettono la variazione di inclinazione . Oltre ai vari sistemi di sicurezza e resistenza alle varie sollecitazioni , sar\u00e1 appositamente recintato , in maniera tale da non costituire un pericolo per la pubblica e privata incolumit\u00e0 . ( Ruggero Pierdomenico )<\/h5>\n\n\n\n<figure class=\"wp-block-embed is-type-link is-provider-ruggero-pierdomenico\"><div class=\"wp-block-embed__wrapper\">\n<div class='embed-container'><a href=\"https:\/\/ruggeropierdomenico.wordpress.com\/2016\/02\/07\/impianto-fotovoltaico-a-pianella-pescara-dott-arch-ruggero-pierdomenico-2\/\">Impianto fotovoltaico , a Pianella \/ Pescara(dott.magistrale in Architettura Ruggero Pierdomenico )&nbsp;.<\/a><\/div>\n<\/div><\/figure>\n\n\n\n<p><\/p>\n","protected":false},"excerpt":{"rendered":"<p>L\u2019impianto fotovoltaico , dalla particolare attenzione ad un inserimento armonico in un\u2019area adiacente l\u2019abitazione ( cortile \/giardino ) , \u00e8 con orientamento sud 0\u00b0 ed ottimizzazione inclinazione ( inverno , primavera , estate , autunno ) per garantire un buon rendimento . Il telaio metallico , per il posizionamento dei moduli fotovoltaici , \u00e8 di&hellip; <br \/> <a class=\"read-more\" href=\"https:\/\/architettura.ruggeropierdomenico.it\/?p=276\">Leggi tutto<\/a><\/p>\n","protected":false},"author":1,"featured_media":0,"comment_status":"open","ping_status":"closed","sticky":false,"template":"","format":"standard","meta":{"_jetpack_memberships_contains_paid_content":false,"footnotes":""},"categories":[4],"tags":[],"class_list":["post-276","post","type-post","status-publish","format-standard","hentry","category-architettura-e-design"],"jetpack_featured_media_url":"","jetpack_shortlink":"https:\/\/wp.me\/pb1f3e-4s","jetpack_sharing_enabled":true,"jetpack-related-posts":[],"_links":{"self":[{"href":"https:\/\/architettura.ruggeropierdomenico.it\/index.php?rest_route=\/wp\/v2\/posts\/276","targetHints":{"allow":["GET"]}}],"collection":[{"href":"https:\/\/architettura.ruggeropierdomenico.it\/index.php?rest_route=\/wp\/v2\/posts"}],"about":[{"href":"https:\/\/architettura.ruggeropierdomenico.it\/index.php?rest_route=\/wp\/v2\/types\/post"}],"author":[{"embeddable":true,"href":"https:\/\/architettura.ruggeropierdomenico.it\/index.php?rest_route=\/wp\/v2\/users\/1"}],"replies":[{"embeddable":true,"href":"https:\/\/architettura.ruggeropierdomenico.it\/index.php?rest_route=%2Fwp%2Fv2%2Fcomments&post=276"}],"version-history":[{"count":3,"href":"https:\/\/architettura.ruggeropierdomenico.it\/index.php?rest_route=\/wp\/v2\/posts\/276\/revisions"}],"predecessor-version":[{"id":279,"href":"https:\/\/architettura.ruggeropierdomenico.it\/index.php?rest_route=\/wp\/v2\/posts\/276\/revisions\/279"}],"wp:attachment":[{"href":"https:\/\/architettura.ruggeropierdomenico.it\/index.php?rest_route=%2Fwp%2Fv2%2Fmedia&parent=276"}],"wp:term":[{"taxonomy":"category","embeddable":true,"href":"https:\/\/architettura.ruggeropierdomenico.it\/index.php?rest_route=%2Fwp%2Fv2%2Fcategories&post=276"},{"taxonomy":"post_tag","embeddable":true,"href":"https:\/\/architettura.ruggeropierdomenico.it\/index.php?rest_route=%2Fwp%2Fv2%2Ftags&post=276"}],"curies":[{"name":"wp","href":"https:\/\/api.w.org\/{rel}","templated":true}]}}